{"id":304,"date":"2018-08-08T15:07:28","date_gmt":"2018-08-08T18:07:28","guid":{"rendered":"http:\/\/socioambientalprojetos.com.br\/?p=304"},"modified":"2024-05-23T16:17:06","modified_gmt":"2024-05-23T19:17:06","slug":"bens-de-natureza-material-e-imaterial-em-area-de-mineracao-barao-de-cocais-minas-gerais","status":"publish","type":"post","link":"https:\/\/socioambientalprojetos.com.br\/index.php\/2018\/08\/08\/bens-de-natureza-material-e-imaterial-em-area-de-mineracao-barao-de-cocais-minas-gerais\/","title":{"rendered":"BENS DE NATUREZA MATERIAL E IMATERIAL EM \u00c1REA DE MINERA\u00c7\u00c3O \u2013 BAR\u00c3O DE COCAIS, MINAS GERAIS"},"content":{"rendered":"<p>O munic\u00edpio de Bar\u00e3o de Cocais possui \u00e1rea total de 353km\u00b2, localiza-se na Serra da Cambota, na Regi\u00e3o Centro-Leste do Estado de Minas Gerais, macrorregi\u00e3o do Quadril\u00e1tero Ferr\u00edfero, na bacia do Rio Doce. As pesquisas relativas ao patrim\u00f4nio cultural existentes na \u00e1rea de influ\u00eancia do referido empreendimento foram iniciadas com a solicita\u00e7\u00e3o para realiza\u00e7\u00e3o de diagn\u00f3stico material pela empresa contratante. O Diagn\u00f3stico dos Bens Culturais de Natureza Material do munic\u00edpio de Bar\u00e3o de Cocais se insere na fase de obten\u00e7\u00e3o de licen\u00e7a pr\u00e9via do processo de licenciamento ambiental e tem por objetivo cumprir as determina\u00e7\u00f5es do Instituto do Patrim\u00f4nio Hist\u00f3rico e Art\u00edstico Nacional do Estado de Minas Gerais, de modo a analisar a viabilidade do empreendimento minerador em rela\u00e7\u00e3o aos bens culturais de natureza material identificados em suas \u00e1reas de influ\u00eancia.<\/p>\n<p>Clique <a href=\"http:\/\/periodicos.unincor.br\/index.php\/sustentare\/article\/view\/4906\" target=\"_blank\" rel=\"noopener\">aqui<\/a> para visualizar o artigo completo.<\/p>\n","protected":false},"excerpt":{"rendered":"<p>O munic\u00edpio de Bar\u00e3o de Cocais possui \u00e1rea total de 353km\u00b2, localiza-se na Serra da Cambota, na Regi\u00e3o Centro-Leste do Estado de Minas Gerais, macrorregi\u00e3o do Quadril\u00e1tero Ferr\u00edfero, na bacia do Rio Doce. As pesquisas relativas ao patrim\u00f4nio cultural existentes na \u00e1rea de influ\u00eancia do referido empreendimento foram iniciadas com a solicita\u00e7\u00e3o para realiza\u00e7\u00e3o de [&hellip;]<\/p>\n","protected":false},"author":2,"featured_media":749,"comment_status":"open","ping_status":"open","sticky":false,"template":"","format":"standard","meta":{"footnotes":""},"categories":[17],"tags":[101,76,75,77],"class_list":["post-304","post","type-post","status-publish","format-standard","has-post-thumbnail","hentry","category-publicacoes","tag-ines-noronha","tag-patrimonio-imaterial","tag-patrimonio-material","tag-salvaguarda"],"_links":{"self":[{"href":"https:\/\/socioambientalprojetos.com.br\/index.php\/wp-json\/wp\/v2\/posts\/304","targetHints":{"allow":["GET"]}}],"collection":[{"href":"https:\/\/socioambientalprojetos.com.br\/index.php\/wp-json\/wp\/v2\/posts"}],"about":[{"href":"https:\/\/socioambientalprojetos.com.br\/index.php\/wp-json\/wp\/v2\/types\/post"}],"author":[{"embeddable":true,"href":"https:\/\/socioambientalprojetos.com.br\/index.php\/wp-json\/wp\/v2\/users\/2"}],"replies":[{"embeddable":true,"href":"https:\/\/socioambientalprojetos.com.br\/index.php\/wp-json\/wp\/v2\/comments?post=304"}],"version-history":[{"count":5,"href":"https:\/\/socioambientalprojetos.com.br\/index.php\/wp-json\/wp\/v2\/posts\/304\/revisions"}],"predecessor-version":[{"id":748,"href":"https:\/\/socioambientalprojetos.com.br\/index.php\/wp-json\/wp\/v2\/posts\/304\/revisions\/748"}],"wp:featuredmedia":[{"embeddable":true,"href":"https:\/\/socioambientalprojetos.com.br\/index.php\/wp-json\/wp\/v2\/media\/749"}],"wp:attachment":[{"href":"https:\/\/socioambientalprojetos.com.br\/index.php\/wp-json\/wp\/v2\/media?parent=304"}],"wp:term":[{"taxonomy":"category","embeddable":true,"href":"https:\/\/socioambientalprojetos.com.br\/index.php\/wp-json\/wp\/v2\/categories?post=304"},{"taxonomy":"post_tag","embeddable":true,"href":"https:\/\/socioambientalprojetos.com.br\/index.php\/wp-json\/wp\/v2\/tags?post=304"}],"curies":[{"name":"wp","href":"https:\/\/api.w.org\/{rel}","templated":true}]}}